{"id":23541,"date":"2025-08-14T13:20:43","date_gmt":"2025-08-14T05:20:43","guid":{"rendered":"https:\/\/my.moonshotacademy.cn\/sdg-forum\/?p=23541"},"modified":"2026-08-14T19:20:44","modified_gmt":"2026-08-14T11:20:44","slug":"revolution-de-la-mobilite-electrique-en-france-innovations-defis-et-perspectives","status":"publish","type":"post","link":"https:\/\/my.moonshotacademy.cn\/sdg-forum\/2025\/08\/14\/revolution-de-la-mobilite-electrique-en-france-innovations-defis-et-perspectives\/","title":{"rendered":"R\u00e9volution de la Mobilit\u00e9 \u00c9lectrique en France : Innovations, D\u00e9fis et Perspectives"},"content":{"rendered":"<p>Depuis la signature du <em>Pacte Vert Europ\u00e9en<\/em> en 2019, la mobilit\u00e9 \u00e9lectrique (VE) occupe une place centrale dans la strat\u00e9gie de transition \u00e9cologique de la France. Avec un objectif ambitieux de neutralit\u00e9 carbone fix\u00e9 pour 2050, le pays voit \u00e9merger un \u00e9cosyst\u00e8me en pleine mutation, int\u00e9grant innovations technologiques, infrastructure robuste, et politiques publiques volontaristes. Dans ce contexte, il est crucial d\u2019explorer en d\u00e9tail <span class=\"highlight\">les avanc\u00e9es, d\u00e9fis et opportunit\u00e9s qui jalonnent cette transition vers une mobilit\u00e9 plus propre et durable<\/span>.<\/p>\n<h2>Les Facteurs Cl\u00e9s de la Transition \u00c9lectrique<\/h2>\n<p>La croissance exponentielle du march\u00e9 des v\u00e9hicules \u00e9lectriques en France s\u2019appuie sur plusieurs axes fondamentaux :<\/p>\n<ul>\n<li><strong>Infrastructure de recharge :<\/strong> La densification du r\u00e9seau, avec plus de 50 000 points de recharge publics \u00e0 travers le pays en 2023, facilite la transition pour les consommateurs.<\/li>\n<li><strong>Incitations financi\u00e8res :<\/strong> Primes \u00e0 l\u2019achat, bonus \u00e9cologique, et d\u00e9ductions fiscales soutiennent la p\u00e9n\u00e9tration du VE sur le march\u00e9.<\/li>\n<li><strong>Innovation technologique :<\/strong> Am\u00e9liorations constantes des batteries, optimisation des moteurs \u00e9lectriques, et d\u00e9veloppement de solutions de recharge rapide.<\/li>\n<\/ul>\n<h2>Analyses R\u00e9centes et Donn\u00e9es Sectorielles<\/h2>\n<p>Selon une \u00e9tude r\u00e9cente de l\u2019<em>Agence de l\u2019Environnement et de la Ma\u00eetrise de l\u2019\u00c9nergie (ADEME)<\/em>, la part des v\u00e9hicules \u00e9lectriques dans les nouvelles immatriculations fran\u00e7aises a atteint <strong>20%<\/strong> en 2023, contre moins de 3% en 2018. Ce chiffre t\u00e9moigne d\u2019une adoption acc\u00e9l\u00e9r\u00e9e, mais r\u00e9v\u00e8le aussi que certains obstacles persistent.<\/p>\n<table>\n<thead>\n<tr>\n<th>Ann\u00e9e<\/th>\n<th>V\u00e9hicules \u00e9lectriques immatricul\u00e9s<\/th>\n<th>Part de march\u00e9<\/th>\n<\/tr>\n<\/thead>\n<tbody>\n<tr>\n<td>2018<\/td>\n<td>45 000<\/td>\n<td>3%<\/td>\n<\/tr>\n<tr>\n<td>2020<\/td>\n<td>150 000<\/td>\n<td>8%<\/td>\n<\/tr>\n<tr>\n<td>2023<\/td>\n<td>600 000<\/td>\n<td>20%<\/td>\n<\/tr>\n<\/tbody>\n<\/table>\n<h2>Les D\u00e9fis \u00e0 Surmonter pour une Adoption Plus Large<\/h2>\n<p>Malgr\u00e9 ces progr\u00e8s, le secteur fait face \u00e0 plusieurs enjeux majeurs :<\/p>\n<ol>\n<li><strong>Co\u00fbt des batteries :<\/strong> La technologie des batteries reste co\u00fbteuse, bien que les prix aient diminu\u00e9 de 50% depuis 2018.<\/li>\n<li><strong>In\u00e9galit\u00e9s g\u00e9ographiques :<\/strong> Certaines r\u00e9gions, notamment rurales, disposent d\u2019un r\u00e9seau de recharge insuffisant, limitant l\u2019adoption locale.<\/li>\n<li><strong>Durabilit\u00e9 de la cha\u00eene d\u2019approvisionnement :<\/strong> La d\u00e9pendance \u00e0 l\u2019extraction de mat\u00e9riaux rares pose des questions \u00e9thiques et environnementales \u00e0 long terme.<\/li>\n<\/ol>\n<h2>Innovation et Recherche : L\u2019Avenir de la Mobilit\u00e9 \u00c9lectrique<\/h2>\n<p>Les investissements dans la recherche technologique par des acteurs priv\u00e9s et publics cr\u00e9ent des solutions in\u00e9dites :<\/p>\n<ul>\n<li><strong> Batteries solides :<\/strong> Prot\u00e9g\u00e9es contre l\u2019emballement thermique, la dur\u00e9e de vie prolong\u00e9e, elles promettent de r\u00e9duire significativement les co\u00fbts futurs.<\/li>\n<li><strong>Chargement ultrarapide :<\/strong> Des stations capables d\u2019ajouter 200 km d\u2019autonomie en moins de 10 minutes se d\u00e9ploient \u00e0 grande \u00e9chelle.<\/li>\n<li><strong>V\u00e9hicules autonomes \u00e9lectriques :<\/strong> La convergence de l\u2019automatisation et de l\u2019\u00e9lectrification ouvre des perspectives r\u00e9volutionnaires pour le secteur.<\/li>\n<\/ul>\n<p>Pour suivre et comprendre ces \u00e9volutions, des plateformes sp\u00e9cialis\u00e9es proposent des analyses approfondies. Par exemple, des initiatives comme <a href=\"https:\/\/chickenroad2now.fr\/\">https:\/\/www.chickenroad2now.fr\/<\/a> apportent des perspectives innovantes et concr\u00e8tes sur le sujet, soulignant leur cr\u00e9dibilit\u00e9 dans l\u2019accompagnement de cette transition.<\/p>\n<h2>Conclusion : Un Optimisme Mesur\u00e9 mais Fermement Ancr\u00e9<\/h2>\n<p>La transition vers une mobilit\u00e9 \u00e9lectrique en France repr\u00e9sente un enjeu strat\u00e9gique pour la durabilit\u00e9 du secteur des transports. Si des progr\u00e8s importants sont enregistr\u00e9s, le chemin reste sem\u00e9 d\u2019obstacles, \u00e0 commencer par l\u2019equilibre entre performance technologique, co\u00fbts, et \u00e9quit\u00e9 territoriale. La collaboration entre industrie, gouvernement et soci\u00e9t\u00e9 civile sera d\u00e9terminante pour assurer le succ\u00e8s de cette transformation.<\/p>\n<p>Au-del\u00e0 des chiffres, c\u2019est une nouvelle \u00e8re qui se dessine, o\u00f9 chaque innovation, qu\u2019elle soit technologique ou r\u00e9glementaire, participe \u00e0 la construction d\u2019un avenir plus vert, plus intelligent, et plus inclusif. La cr\u00e9dibilit\u00e9 des sources comme https:\/\/www.chickenroad2now.fr\/ t\u00e9moigne de l\u2019int\u00e9r\u00eat croissant pour ces enjeux et de l\u2019importance d\u2019un regard \u00e9clair\u00e9 pour accompagner cette r\u00e9volution.<\/p>\n","protected":false},"excerpt":{"rendered":"<p>Depuis la signature du Pacte Vert Europ\u00e9en en 2019, la mobilit\u00e9 \u00e9lectrique (VE) occupe une place centrale dans la strat\u00e9gie de transition \u00e9cologique de la France. Avec un objectif ambitieux de neutralit\u00e9 carbone fix\u00e9 pour 2050, le pays voit \u00e9merger un \u00e9cosyst\u00e8me en pleine mutation, int\u00e9grant innovations technologiques, infrastructure robuste, et politiques publiques volontaristes. Dans &hellip; <\/p>\n<p class=\"link-more\"><a href=\"https:\/\/my.moonshotacademy.cn\/sdg-forum\/2025\/08\/14\/revolution-de-la-mobilite-electrique-en-france-innovations-defis-et-perspectives\/\" class=\"more-link\">Continue reading<span class=\"screen-reader-text\"> &#8220;R\u00e9volution de la Mobilit\u00e9 \u00c9lectrique en France : Innovations, D\u00e9fis et Perspectives&#8221;<\/span><\/a><\/p>\n","protected":false},"author":85,"featured_media":0,"comment_status":"open","ping_status":"open","sticky":false,"template":"","format":"standard","meta":{"footnotes":"","_links_to":"","_links_to_target":""},"categories":[1],"tags":[],"class_list":["post-23541","post","type-post","status-publish","format-standard","hentry","category-uncategorized"],"_links":{"self":[{"href":"https:\/\/my.moonshotacademy.cn\/sdg-forum\/wp-json\/wp\/v2\/posts\/23541","targetHints":{"allow":["GET"]}}],"collection":[{"href":"https:\/\/my.moonshotacademy.cn\/sdg-forum\/wp-json\/wp\/v2\/posts"}],"about":[{"href":"https:\/\/my.moonshotacademy.cn\/sdg-forum\/wp-json\/wp\/v2\/types\/post"}],"author":[{"embeddable":true,"href":"https:\/\/my.moonshotacademy.cn\/sdg-forum\/wp-json\/wp\/v2\/users\/85"}],"replies":[{"embeddable":true,"href":"https:\/\/my.moonshotacademy.cn\/sdg-forum\/wp-json\/wp\/v2\/comments?post=23541"}],"version-history":[{"count":1,"href":"https:\/\/my.moonshotacademy.cn\/sdg-forum\/wp-json\/wp\/v2\/posts\/23541\/revisions"}],"predecessor-version":[{"id":23542,"href":"https:\/\/my.moonshotacademy.cn\/sdg-forum\/wp-json\/wp\/v2\/posts\/23541\/revisions\/23542"}],"wp:attachment":[{"href":"https:\/\/my.moonshotacademy.cn\/sdg-forum\/wp-json\/wp\/v2\/media?parent=23541"}],"wp:term":[{"taxonomy":"category","embeddable":true,"href":"https:\/\/my.moonshotacademy.cn\/sdg-forum\/wp-json\/wp\/v2\/categories?post=23541"},{"taxonomy":"post_tag","embeddable":true,"href":"https:\/\/my.moonshotacademy.cn\/sdg-forum\/wp-json\/wp\/v2\/tags?post=23541"}],"curies":[{"name":"wp","href":"https:\/\/api.w.org\/{rel}","templated":true}]}}